{"id":478,"date":"2018-07-26T13:10:36","date_gmt":"2018-07-26T11:10:36","guid":{"rendered":"http:\/\/merci-edith.net\/?p=478"},"modified":"2023-02-23T17:01:16","modified_gmt":"2023-02-23T16:01:16","slug":"henrensuge","status":"publish","type":"post","link":"http:\/\/merci-edith.net\/index.php\/2018\/07\/26\/henrensuge\/","title":{"rendered":"La tombe d&rsquo;Herensuge"},"content":{"rendered":"\t\t<div data-elementor-type=\"wp-post\" data-elementor-id=\"478\" class=\"elementor elementor-478\" data-elementor-settings=\"[]\">\n\t\t\t\t\t\t<div class=\"elementor-inner\">\n\t\t\t\t\t\t\t<div class=\"elementor-section-wrap\">\n\t\t\t\t\t\t\t<section class=\"elementor-section elementor-top-section elementor-element elementor-element-bc7ba03 elementor-section-boxed elementor-section-height-default elementor-section-height-default\" data-id=\"bc7ba03\" data-element_type=\"section\">\n\t\t\t\t\t\t<div class=\"elementor-container elementor-column-gap-default\">\n\t\t\t\t\t\t\t<div class=\"elementor-row\">\n\t\t\t\t\t<div class=\"elementor-column elementor-col-100 elementor-top-column elementor-element elementor-element-27a4a48\" data-id=\"27a4a48\" data-element_type=\"column\">\n\t\t\t<div class=\"elementor-column-wrap elementor-element-populated\">\n\t\t\t\t\t\t\t<div class=\"elementor-widget-wrap\">\n\t\t\t\t\t\t<div class=\"elementor-element elementor-element-7dc28b8 elementor-widget elementor-widget-image\" data-id=\"7dc28b8\" data-element_type=\"widget\" data-widget_type=\"image.default\">\n\t\t\t\t<div class=\"elementor-widget-container\">\n\t\t\t\t\t<div class=\"elementor-image\">\n\t\t\t\t\t\t\t\t\t\t<img width=\"560\" height=\"374\" src=\"http:\/\/merci-edith.net\/wp-content\/uploads\/2018\/04\/tombe-herensuge-1024x684.jpg\" class=\"attachment-large size-large\" alt=\"La tombe d&#039;Herensuge - \u00e0 l&#039;occasion de Musikaren Eguna- juin 2017 \u2013 festival de musiques \u00e0 Ordiarp \u2013 Dessin au blanc de meudon sur du goudron \u2013 Le collectif IPN fut invit\u00e9 \u00e0 investir les lieux le temps du festival.\" loading=\"lazy\" srcset=\"http:\/\/merci-edith.net\/wp-content\/uploads\/2018\/04\/tombe-herensuge-1024x684.jpg 1024w, http:\/\/merci-edith.net\/wp-content\/uploads\/2018\/04\/tombe-herensuge-300x200.jpg 300w, http:\/\/merci-edith.net\/wp-content\/uploads\/2018\/04\/tombe-herensuge-768x513.jpg 768w, http:\/\/merci-edith.net\/wp-content\/uploads\/2018\/04\/tombe-herensuge-880x587.jpg 880w, http:\/\/merci-edith.net\/wp-content\/uploads\/2018\/04\/tombe-herensuge-220x147.jpg 220w, http:\/\/merci-edith.net\/wp-content\/uploads\/2018\/04\/tombe-herensuge.jpg 1200w\" sizes=\"(max-width: 560px) 100vw, 560px\" \/>\t\t\t\t\t\t\t\t\t\t\t<\/div>\n\t\t\t\t<\/div>\n\t\t\t\t<\/div>\n\t\t\t\t\t\t<\/div>\n\t\t\t\t\t<\/div>\n\t\t<\/div>\n\t\t\t\t\t\t\t\t<\/div>\n\t\t\t\t\t<\/div>\n\t\t<\/section>\n\t\t\t\t<section class=\"elementor-section elementor-top-section elementor-element elementor-element-587f702 elementor-section-boxed elementor-section-height-default elementor-section-height-default\" data-id=\"587f702\" data-element_type=\"section\">\n\t\t\t\t\t\t<div class=\"elementor-container elementor-column-gap-default\">\n\t\t\t\t\t\t\t<div class=\"elementor-row\">\n\t\t\t\t\t<div class=\"elementor-column elementor-col-100 elementor-top-column elementor-element elementor-element-8b8ff95\" data-id=\"8b8ff95\" data-element_type=\"column\">\n\t\t\t<div class=\"elementor-column-wrap elementor-element-populated\">\n\t\t\t\t\t\t\t<div class=\"elementor-widget-wrap\">\n\t\t\t\t\t\t<div class=\"elementor-element elementor-element-0800182 elementor-widget elementor-widget-image\" data-id=\"0800182\" data-element_type=\"widget\" data-widget_type=\"image.default\">\n\t\t\t\t<div class=\"elementor-widget-container\">\n\t\t\t\t\t<div class=\"elementor-image\">\n\t\t\t\t\t\t\t\t\t\t<img width=\"560\" height=\"267\" src=\"http:\/\/merci-edith.net\/wp-content\/uploads\/2018\/04\/piste-de-danse-1024x488.jpg\" class=\"attachment-large size-large\" alt=\"La tombe d&#039;Herensuge - \u00e0 l&#039;occasion de Musikaren Eguna- juin 2017 \u2013 festival de musiques \u00e0 Ordiarp \u2013 Dessin au blanc de meudon sur du goudron \u2013 Le collectif IPN fut invit\u00e9 \u00e0 investir les lieux le temps du festival.\" loading=\"lazy\" srcset=\"http:\/\/merci-edith.net\/wp-content\/uploads\/2018\/04\/piste-de-danse-1024x488.jpg 1024w, http:\/\/merci-edith.net\/wp-content\/uploads\/2018\/04\/piste-de-danse-300x143.jpg 300w, http:\/\/merci-edith.net\/wp-content\/uploads\/2018\/04\/piste-de-danse-768x366.jpg 768w, http:\/\/merci-edith.net\/wp-content\/uploads\/2018\/04\/piste-de-danse-880x419.jpg 880w, http:\/\/merci-edith.net\/wp-content\/uploads\/2018\/04\/piste-de-danse-220x105.jpg 220w, http:\/\/merci-edith.net\/wp-content\/uploads\/2018\/04\/piste-de-danse.jpg 1200w\" sizes=\"(max-width: 560px) 100vw, 560px\" \/>\t\t\t\t\t\t\t\t\t\t\t<\/div>\n\t\t\t\t<\/div>\n\t\t\t\t<\/div>\n\t\t\t\t\t\t<\/div>\n\t\t\t\t\t<\/div>\n\t\t<\/div>\n\t\t\t\t\t\t\t\t<\/div>\n\t\t\t\t\t<\/div>\n\t\t<\/section>\n\t\t\t\t<section class=\"elementor-section elementor-top-section elementor-element elementor-element-e5bce3e elementor-section-boxed elementor-section-height-default elementor-section-height-default\" data-id=\"e5bce3e\" data-element_type=\"section\">\n\t\t\t\t\t\t<div class=\"elementor-container elementor-column-gap-default\">\n\t\t\t\t\t\t\t<div class=\"elementor-row\">\n\t\t\t\t\t<div class=\"elementor-column elementor-col-100 elementor-top-column elementor-element elementor-element-8816aca\" data-id=\"8816aca\" data-element_type=\"column\">\n\t\t\t<div class=\"elementor-column-wrap elementor-element-populated\">\n\t\t\t\t\t\t\t<div class=\"elementor-widget-wrap\">\n\t\t\t\t\t\t<div class=\"elementor-element elementor-element-7257da3 elementor-widget elementor-widget-text-editor\" data-id=\"7257da3\" data-element_type=\"widget\" data-widget_type=\"text-editor.default\">\n\t\t\t\t<div class=\"elementor-widget-container\">\n\t\t\t\t\t<div class=\"elementor-text-editor elementor-clearfix\"><p><b><span style=\"text-decoration: underline;\">La tombe d&rsquo;Herensuge<\/span> <\/b>est un dessin \u00e9ph\u00e9m\u00e8re r\u00e9alis\u00e9 sur le sol du fronton d&rsquo;Ordiarp, \u00e0 l&rsquo;occasion de M\u00fcsikaren Eguna- juin 2017, festival de musiques annuel. <br \/><strong>Le collectif IPN<\/strong> fut invit\u00e9 \u00e0 investir les lieux le temps du festival, via Junie Briffaz, Audrey Douanne, Camille Henri Cl\u00e9ment et moi-m\u00eame.<\/p><p>Dessin au blanc de meudon sur du goudron qui se pr\u00eate \u00e0 \u00eatre effac\u00e9 au fur et \u00e0 mesure du pi\u00e9tinement du public au cours de la journ\u00e9e, \u00e0 l&rsquo;image des pierres tombales du porche de l&rsquo;\u00e9glise du village, en face du fronton, foul\u00e9es depuis des ann\u00e9es par les pieds des croyant.e.s.<\/p><p><em>Il semblerait le fameux dragon \u00e9tait enterr\u00e9 \u00e0 Ordiarp, et que sa tombe est justement le fronton. <\/em><em>Plusieurs indices troublants nous permettent de le croire, notamment quelques irr\u00e9gularit\u00e9s <\/em><em>topographiques, le rapport formel entre le fronton et une st\u00e8le \u00e0 \u00e9chelle monstrueuse et le fait que les <\/em><em>festivit\u00e9s du festival se d\u00e9roulent justement \u00e0 cet endroit pr\u00e9cis\u00a0! Le lettrage cr\u00e9\u00e9e pour l&rsquo;occasion <\/em><em>tente de ressembler aux autochtones, \u00e0 flanc de montagne.<\/em><\/p><\/div>\n\t\t\t\t<\/div>\n\t\t\t\t<\/div>\n\t\t\t\t<div class=\"elementor-element elementor-element-b27e9da elementor-widget elementor-widget-image\" data-id=\"b27e9da\" data-element_type=\"widget\" data-widget_type=\"image.default\">\n\t\t\t\t<div class=\"elementor-widget-container\">\n\t\t\t\t\t<div class=\"elementor-image\">\n\t\t\t\t\t\t\t\t\t\t<img width=\"560\" height=\"810\" src=\"http:\/\/merci-edith.net\/wp-content\/uploads\/2018\/04\/scan-typo-708x1024.jpg\" class=\"attachment-large size-large\" alt=\"La tombe d&#039;Herensuge - \u00e0 l&#039;occasion de Musikaren Eguna- juin 2017 \u2013 festival de musiques \u00e0 Ordiarp \u2013 Dessin au blanc de meudon sur du goudron \u2013 Le collectif IPN fut invit\u00e9 \u00e0 investir les lieux le temps du festival.\" loading=\"lazy\" srcset=\"http:\/\/merci-edith.net\/wp-content\/uploads\/2018\/04\/scan-typo-708x1024.jpg 708w, http:\/\/merci-edith.net\/wp-content\/uploads\/2018\/04\/scan-typo-207x300.jpg 207w, http:\/\/merci-edith.net\/wp-content\/uploads\/2018\/04\/scan-typo-768x1111.jpg 768w, http:\/\/merci-edith.net\/wp-content\/uploads\/2018\/04\/scan-typo-880x1273.jpg 880w, http:\/\/merci-edith.net\/wp-content\/uploads\/2018\/04\/scan-typo-220x318.jpg 220w, http:\/\/merci-edith.net\/wp-content\/uploads\/2018\/04\/scan-typo.jpg 1181w\" sizes=\"(max-width: 560px) 100vw, 560px\" \/>\t\t\t\t\t\t\t\t\t\t\t<\/div>\n\t\t\t\t<\/div>\n\t\t\t\t<\/div>\n\t\t\t\t<div class=\"elementor-element elementor-element-3284643 elementor-widget elementor-widget-text-editor\" data-id=\"3284643\" data-element_type=\"widget\" data-widget_type=\"text-editor.default\">\n\t\t\t\t<div class=\"elementor-widget-container\">\n\t\t\t\t\t<div class=\"elementor-text-editor elementor-clearfix\"><p><em>Feuille de recherche de la typographie &amp; des glyphes de la pierre tombale.<\/em><\/p><\/div>\n\t\t\t\t<\/div>\n\t\t\t\t<\/div>\n\t\t\t\t\t\t<\/div>\n\t\t\t\t\t<\/div>\n\t\t<\/div>\n\t\t\t\t\t\t\t\t<\/div>\n\t\t\t\t\t<\/div>\n\t\t<\/section>\n\t\t\t\t\t\t<\/div>\n\t\t\t\t\t\t<\/div>\n\t\t\t\t\t<\/div>\n\t\t","protected":false},"excerpt":{"rendered":"<p>La tombe d&rsquo;Herensuge est un dessin \u00e9ph\u00e9m\u00e8re r\u00e9alis\u00e9 sur le sol du fronton d&rsquo;Ordiarp, \u00e0 l&rsquo;occasion de M\u00fcsikaren Eguna- juin 2017, festival de musiques annuel. Le collectif IPN fut invit\u00e9 \u00e0 investir les lieux le temps du festival, via Junie Briffaz, Audrey Douanne, Camille Henri Cl\u00e9ment et moi-m\u00eame. Dessin au blanc de meudon sur du &hellip; <\/p>\n<p class=\"link-more\"><a href=\"http:\/\/merci-edith.net\/index.php\/2018\/07\/26\/henrensuge\/\" class=\"more-link\">Continue reading<span class=\"screen-reader-text\"> \u00ab\u00a0La tombe d&rsquo;Herensuge\u00a0\u00bb<\/span><\/a><\/p>\n","protected":false},"author":1,"featured_media":246,"comment_status":"closed","ping_status":"open","sticky":false,"template":"","format":"standard","meta":[],"categories":[57],"tags":[],"_links":{"self":[{"href":"http:\/\/merci-edith.net\/index.php\/wp-json\/wp\/v2\/posts\/478"}],"collection":[{"href":"http:\/\/merci-edith.net\/index.php\/wp-json\/wp\/v2\/posts"}],"about":[{"href":"http:\/\/merci-edith.net\/index.php\/wp-json\/wp\/v2\/types\/post"}],"author":[{"embeddable":true,"href":"http:\/\/merci-edith.net\/index.php\/wp-json\/wp\/v2\/users\/1"}],"replies":[{"embeddable":true,"href":"http:\/\/merci-edith.net\/index.php\/wp-json\/wp\/v2\/comments?post=478"}],"version-history":[{"count":11,"href":"http:\/\/merci-edith.net\/index.php\/wp-json\/wp\/v2\/posts\/478\/revisions"}],"predecessor-version":[{"id":1259,"href":"http:\/\/merci-edith.net\/index.php\/wp-json\/wp\/v2\/posts\/478\/revisions\/1259"}],"wp:featuredmedia":[{"embeddable":true,"href":"http:\/\/merci-edith.net\/index.php\/wp-json\/wp\/v2\/media\/246"}],"wp:attachment":[{"href":"http:\/\/merci-edith.net\/index.php\/wp-json\/wp\/v2\/media?parent=478"}],"wp:term":[{"taxonomy":"category","embeddable":true,"href":"http:\/\/merci-edith.net\/index.php\/wp-json\/wp\/v2\/categories?post=478"},{"taxonomy":"post_tag","embeddable":true,"href":"http:\/\/merci-edith.net\/index.php\/wp-json\/wp\/v2\/tags?post=478"}],"curies":[{"name":"wp","href":"https:\/\/api.w.org\/{rel}","templated":true}]}}