{"id":402,"date":"2018-04-26T19:42:16","date_gmt":"2018-04-26T17:42:16","guid":{"rendered":"http:\/\/merci-edith.net\/?p=402"},"modified":"2020-02-12T12:34:17","modified_gmt":"2020-02-12T11:34:17","slug":"les-marques-pages","status":"publish","type":"post","link":"http:\/\/merci-edith.net\/index.php\/2018\/04\/26\/les-marques-pages\/","title":{"rendered":"Les marques-pages"},"content":{"rendered":"\t\t<div data-elementor-type=\"wp-post\" data-elementor-id=\"402\" class=\"elementor elementor-402 elementor-bc-flex-widget\" data-elementor-settings=\"[]\">\n\t\t\t\t\t\t<div class=\"elementor-inner\">\n\t\t\t\t\t\t\t<div class=\"elementor-section-wrap\">\n\t\t\t\t\t\t\t<section class=\"elementor-section elementor-top-section elementor-element elementor-element-c8fc935 elementor-section-boxed elementor-section-height-default elementor-section-height-default\" data-id=\"c8fc935\" data-element_type=\"section\">\n\t\t\t\t\t\t<div class=\"elementor-container elementor-column-gap-default\">\n\t\t\t\t\t\t\t<div class=\"elementor-row\">\n\t\t\t\t\t<div class=\"elementor-column elementor-col-100 elementor-top-column elementor-element elementor-element-8353189\" data-id=\"8353189\" data-element_type=\"column\">\n\t\t\t<div class=\"elementor-column-wrap elementor-element-populated\">\n\t\t\t\t\t\t\t<div class=\"elementor-widget-wrap\">\n\t\t\t\t\t\t<div class=\"elementor-element elementor-element-8baa466 elementor-widget elementor-widget-text-editor\" data-id=\"8baa466\" data-element_type=\"widget\" data-widget_type=\"text-editor.default\">\n\t\t\t\t<div class=\"elementor-widget-container\">\n\t\t\t\t\t<div class=\"elementor-text-editor elementor-clearfix\"><p lang=\"en-GB\" align=\"LEFT\">Le lundi, le mardi, et le vendredi une semaine sur deux, de 11h45 \u00e0 14h15 je travaillais \u00e0 la biblioth\u00e8que universitaire pour enregistrer les retours des livres emprunt\u00e9s. J\u2019ai alors collect\u00e9 les marques-pages oubli\u00e9s. Papier d\u00e9chir\u00e9, feuilles de prises de notes, lettres, petits mots, emballage de chocolat, liste de courses.<\/p><p lang=\"en-GB\" align=\"LEFT\"><span lang=\"en-GB\">Petit bout d\u2019histoires quotidiennes collect\u00e9es, mais aussi catalogage empirique de toutes les pages remarquables mises en livre pour cr\u00e9er une esp\u00e8ce de livre utile mais ainsi d\u00e9contextualis\u00e9, forc\u00e9ment inutile.<\/span><\/p><p><strong>L<\/strong><strong>es marques-pages<\/strong> \u2013 2011-2013 | Recueil de fac-simil\u00e9s : Collection de <em><strong>Marques Pages<\/strong> <\/em>et de <em><strong>Pages Marqu\u00e9es. <\/strong><\/em><em>Photocopies num\u00e9riques noir &amp; blanc \/ Dos carr\u00e9 coll\u00e9 \/ 21\u2005x\u200529,7 cm.<\/em><\/p><\/div>\n\t\t\t\t<\/div>\n\t\t\t\t<\/div>\n\t\t\t\t<div class=\"elementor-element elementor-element-0e6f1a0 elementor-widget elementor-widget-image\" data-id=\"0e6f1a0\" data-element_type=\"widget\" data-widget_type=\"image.default\">\n\t\t\t\t<div class=\"elementor-widget-container\">\n\t\t\t\t\t<div class=\"elementor-image\">\n\t\t\t\t\t\t\t\t\t\t<img width=\"560\" height=\"374\" src=\"http:\/\/merci-edith.net\/wp-content\/uploads\/2018\/04\/MP1etPM1-1024x683.jpg\" class=\"attachment-large size-large\" alt=\"Les marques-pages - 2011-2013 | Recueil de fac-simil\u00e9s : Collection de Marques Pages et de Pages Marqu\u00e9es Photocopies num\u00e9riques noir &amp; blanc \/ Dos carr\u00e9 coll\u00e9 \/ 21\u2005x\u200529,7 cm Tome 1 | Collecte de marques-pages &amp; tome 2 | Recueil des pages marqu\u00e9es Signopaginophilie et\/ou paginosignophilie\" loading=\"lazy\" srcset=\"http:\/\/merci-edith.net\/wp-content\/uploads\/2018\/04\/MP1etPM1-1024x683.jpg 1024w, http:\/\/merci-edith.net\/wp-content\/uploads\/2018\/04\/MP1etPM1-300x200.jpg 300w, http:\/\/merci-edith.net\/wp-content\/uploads\/2018\/04\/MP1etPM1-768x512.jpg 768w, http:\/\/merci-edith.net\/wp-content\/uploads\/2018\/04\/MP1etPM1-880x587.jpg 880w, http:\/\/merci-edith.net\/wp-content\/uploads\/2018\/04\/MP1etPM1-220x147.jpg 220w, http:\/\/merci-edith.net\/wp-content\/uploads\/2018\/04\/MP1etPM1.jpg 1200w\" sizes=\"(max-width: 560px) 100vw, 560px\" \/>\t\t\t\t\t\t\t\t\t\t\t<\/div>\n\t\t\t\t<\/div>\n\t\t\t\t<\/div>\n\t\t\t\t<div class=\"elementor-element elementor-element-96e789e elementor-widget elementor-widget-heading\" data-id=\"96e789e\" data-element_type=\"widget\" data-widget_type=\"heading.default\">\n\t\t\t\t<div class=\"elementor-widget-container\">\n\t\t\t<h6 class=\"elementor-heading-title elementor-size-xxl\">tome I : les marques-pages<\/h6>\t\t<\/div>\n\t\t\t\t<\/div>\n\t\t\t\t<div class=\"elementor-element elementor-element-05e74cc gallery-spacing-custom elementor-widget elementor-widget-image-gallery\" data-id=\"05e74cc\" data-element_type=\"widget\" data-widget_type=\"image-gallery.default\">\n\t\t\t\t<div class=\"elementor-widget-container\">\n\t\t\t\t\t<div class=\"elementor-image-gallery\">\n\t\t\t<div id='gallery-1' class='gallery galleryid-402 gallery-columns-2 gallery-size-large'><figure class='gallery-item'>\n\t\t\t<div class='gallery-icon landscape'>\n\t\t\t\t<a data-elementor-open-lightbox=\"yes\" data-elementor-lightbox-slideshow=\"05e74cc\" data-elementor-lightbox-title=\"Signopaginophilie (tome 1) -2\" data-elementor-lightbox-description=\"Les marques-pages - 2011-2013 | Recueil de fac-simil\u00e9s : Collection de Marques Pages et de Pages Marqu\u00e9es\nPhotocopies num\u00e9riques noir &amp; blanc \/ Dos carr\u00e9 coll\u00e9 \/ 21\u2005x\u200529,7 cm \nTome 1 | Collecte de marques-pages &amp; tome 2 | Recueil des pages marqu\u00e9es\nSignopaginophilie  et\/ou paginosignophilie\" href='http:\/\/merci-edith.net\/wp-content\/uploads\/2018\/04\/MP2.jpg'><img width=\"560\" height=\"374\" src=\"http:\/\/merci-edith.net\/wp-content\/uploads\/2018\/04\/MP2-1024x683.jpg\" class=\"attachment-large size-large\" alt=\"Les marques-pages - 2011-2013 | Recueil de fac-simil\u00e9s : Collection de Marques Pages et de Pages Marqu\u00e9es Photocopies num\u00e9riques noir &amp; blanc \/ Dos carr\u00e9 coll\u00e9 \/ 21\u2005x\u200529,7 cm Tome 1 | Collecte de marques-pages &amp; tome 2 | Recueil des pages marqu\u00e9es Signopaginophilie et\/ou paginosignophilie\" loading=\"lazy\" aria-describedby=\"gallery-1-201\" srcset=\"http:\/\/merci-edith.net\/wp-content\/uploads\/2018\/04\/MP2-1024x683.jpg 1024w, http:\/\/merci-edith.net\/wp-content\/uploads\/2018\/04\/MP2-300x200.jpg 300w, http:\/\/merci-edith.net\/wp-content\/uploads\/2018\/04\/MP2-768x512.jpg 768w, http:\/\/merci-edith.net\/wp-content\/uploads\/2018\/04\/MP2-880x587.jpg 880w, http:\/\/merci-edith.net\/wp-content\/uploads\/2018\/04\/MP2-220x147.jpg 220w, http:\/\/merci-edith.net\/wp-content\/uploads\/2018\/04\/MP2.jpg 1200w\" sizes=\"(max-width: 560px) 100vw, 560px\" \/><\/a>\n\t\t\t<\/div>\n\t\t\t\t<figcaption class='wp-caption-text gallery-caption' id='gallery-1-201'>\n\t\t\t\tLes marques-pages &#8211; 2011-2013 | Recueil de fac-simil\u00e9s : Collection de Marques Pages et de Pages Marqu\u00e9es\nPhotocopies num\u00e9riques noir &#038; blanc \/ Dos carr\u00e9 coll\u00e9 \/ 21\u2005x\u200529,7 cm \nTome 1 | Collecte de marques-pages &#038; tome 2 | Recueil des pages marqu\u00e9es\nSignopaginophilie  et\/ou paginosignophilie\n\t\t\t\t<\/figcaption><\/figure><figure class='gallery-item'>\n\t\t\t<div class='gallery-icon landscape'>\n\t\t\t\t<a data-elementor-open-lightbox=\"yes\" data-elementor-lightbox-slideshow=\"05e74cc\" data-elementor-lightbox-title=\"Signopaginophilie (tome 1) -3\" data-elementor-lightbox-description=\"Les marques-pages - 2011-2013 | Recueil de fac-simil\u00e9s : Collection de Marques Pages et de Pages Marqu\u00e9es\nPhotocopies num\u00e9riques noir &amp; blanc \/ Dos carr\u00e9 coll\u00e9 \/ 21\u2005x\u200529,7 cm \nTome 1 | Collecte de marques-pages &amp; tome 2 | Recueil des pages marqu\u00e9es\nSignopaginophilie  et\/ou paginosignophilie\" href='http:\/\/merci-edith.net\/wp-content\/uploads\/2018\/04\/MP3.jpg'><img width=\"560\" height=\"374\" src=\"http:\/\/merci-edith.net\/wp-content\/uploads\/2018\/04\/MP3-1024x683.jpg\" class=\"attachment-large size-large\" alt=\"Les marques-pages - 2011-2013 | Recueil de fac-simil\u00e9s : Collection de Marques Pages et de Pages Marqu\u00e9es Photocopies num\u00e9riques noir &amp; blanc \/ Dos carr\u00e9 coll\u00e9 \/ 21\u2005x\u200529,7 cm Tome 1 | Collecte de marques-pages &amp; tome 2 | Recueil des pages marqu\u00e9es Signopaginophilie et\/ou paginosignophilie\" loading=\"lazy\" srcset=\"http:\/\/merci-edith.net\/wp-content\/uploads\/2018\/04\/MP3-1024x683.jpg 1024w, http:\/\/merci-edith.net\/wp-content\/uploads\/2018\/04\/MP3-300x200.jpg 300w, http:\/\/merci-edith.net\/wp-content\/uploads\/2018\/04\/MP3-768x512.jpg 768w, http:\/\/merci-edith.net\/wp-content\/uploads\/2018\/04\/MP3-880x587.jpg 880w, http:\/\/merci-edith.net\/wp-content\/uploads\/2018\/04\/MP3-220x147.jpg 220w, http:\/\/merci-edith.net\/wp-content\/uploads\/2018\/04\/MP3.jpg 1200w\" sizes=\"(max-width: 560px) 100vw, 560px\" \/><\/a>\n\t\t\t<\/div><\/figure><figure class='gallery-item'>\n\t\t\t<div class='gallery-icon landscape'>\n\t\t\t\t<a data-elementor-open-lightbox=\"yes\" data-elementor-lightbox-slideshow=\"05e74cc\" data-elementor-lightbox-title=\"Signopaginophilie (tome 1) -4\" data-elementor-lightbox-description=\"Les marques-pages - 2011-2013 | Recueil de fac-simil\u00e9s : Collection de Marques Pages et de Pages Marqu\u00e9es\nPhotocopies num\u00e9riques noir &amp; blanc \/ Dos carr\u00e9 coll\u00e9 \/ 21\u2005x\u200529,7 cm \nTome 1 | Collecte de marques-pages &amp; tome 2 | Recueil des pages marqu\u00e9es\nSignopaginophilie  et\/ou paginosignophilie\" href='http:\/\/merci-edith.net\/wp-content\/uploads\/2018\/04\/MP4.jpg'><img width=\"560\" height=\"374\" src=\"http:\/\/merci-edith.net\/wp-content\/uploads\/2018\/04\/MP4-1024x683.jpg\" class=\"attachment-large size-large\" alt=\"Les marques-pages - 2011-2013 | Recueil de fac-simil\u00e9s : Collection de Marques Pages et de Pages Marqu\u00e9es Photocopies num\u00e9riques noir &amp; blanc \/ Dos carr\u00e9 coll\u00e9 \/ 21\u2005x\u200529,7 cm Tome 1 | Collecte de marques-pages &amp; tome 2 | Recueil des pages marqu\u00e9es Signopaginophilie et\/ou paginosignophilie\" loading=\"lazy\" aria-describedby=\"gallery-1-203\" srcset=\"http:\/\/merci-edith.net\/wp-content\/uploads\/2018\/04\/MP4-1024x683.jpg 1024w, http:\/\/merci-edith.net\/wp-content\/uploads\/2018\/04\/MP4-300x200.jpg 300w, http:\/\/merci-edith.net\/wp-content\/uploads\/2018\/04\/MP4-768x512.jpg 768w, http:\/\/merci-edith.net\/wp-content\/uploads\/2018\/04\/MP4-880x587.jpg 880w, http:\/\/merci-edith.net\/wp-content\/uploads\/2018\/04\/MP4-220x147.jpg 220w, http:\/\/merci-edith.net\/wp-content\/uploads\/2018\/04\/MP4.jpg 1200w\" sizes=\"(max-width: 560px) 100vw, 560px\" \/><\/a>\n\t\t\t<\/div>\n\t\t\t\t<figcaption class='wp-caption-text gallery-caption' id='gallery-1-203'>\n\t\t\t\tLes marques-pages &#8211; 2011-2013 | Recueil de fac-simil\u00e9s : Collection de Marques Pages et de Pages Marqu\u00e9es\nPhotocopies num\u00e9riques noir &#038; blanc \/ Dos carr\u00e9 coll\u00e9 \/ 21\u2005x\u200529,7 cm \nTome 1 | Collecte de marques-pages &#038; tome 2 | Recueil des pages marqu\u00e9es\nSignopaginophilie  et\/ou paginosignophilie\n\t\t\t\t<\/figcaption><\/figure><figure class='gallery-item'>\n\t\t\t<div class='gallery-icon landscape'>\n\t\t\t\t<a data-elementor-open-lightbox=\"yes\" data-elementor-lightbox-slideshow=\"05e74cc\" data-elementor-lightbox-title=\"Signopaginophilie (tome 1) -5\" data-elementor-lightbox-description=\"Les marques-pages - 2011-2013 | Recueil de fac-simil\u00e9s : Collection de Marques Pages et de Pages Marqu\u00e9es\nPhotocopies num\u00e9riques noir &amp; blanc \/ Dos carr\u00e9 coll\u00e9 \/ 21\u2005x\u200529,7 cm \nTome 1 | Collecte de marques-pages &amp; tome 2 | Recueil des pages marqu\u00e9es\nSignopaginophilie  et\/ou paginosignophilie\" href='http:\/\/merci-edith.net\/wp-content\/uploads\/2018\/04\/MP5.jpg'><img width=\"560\" height=\"374\" src=\"http:\/\/merci-edith.net\/wp-content\/uploads\/2018\/04\/MP5-1024x683.jpg\" class=\"attachment-large size-large\" alt=\"Les marques-pages - 2011-2013 | Recueil de fac-simil\u00e9s : Collection de Marques Pages et de Pages Marqu\u00e9es Photocopies num\u00e9riques noir &amp; blanc \/ Dos carr\u00e9 coll\u00e9 \/ 21\u2005x\u200529,7 cm Tome 1 | Collecte de marques-pages &amp; tome 2 | Recueil des pages marqu\u00e9es Signopaginophilie et\/ou paginosignophilie\" loading=\"lazy\" aria-describedby=\"gallery-1-204\" srcset=\"http:\/\/merci-edith.net\/wp-content\/uploads\/2018\/04\/MP5-1024x683.jpg 1024w, http:\/\/merci-edith.net\/wp-content\/uploads\/2018\/04\/MP5-300x200.jpg 300w, http:\/\/merci-edith.net\/wp-content\/uploads\/2018\/04\/MP5-768x512.jpg 768w, http:\/\/merci-edith.net\/wp-content\/uploads\/2018\/04\/MP5-880x587.jpg 880w, http:\/\/merci-edith.net\/wp-content\/uploads\/2018\/04\/MP5-220x147.jpg 220w, http:\/\/merci-edith.net\/wp-content\/uploads\/2018\/04\/MP5.jpg 1200w\" sizes=\"(max-width: 560px) 100vw, 560px\" \/><\/a>\n\t\t\t<\/div>\n\t\t\t\t<figcaption class='wp-caption-text gallery-caption' id='gallery-1-204'>\n\t\t\t\tLes marques-pages &#8211; 2011-2013 | Recueil de fac-simil\u00e9s : Collection de Marques Pages et de Pages Marqu\u00e9es\nPhotocopies num\u00e9riques noir &#038; blanc \/ Dos carr\u00e9 coll\u00e9 \/ 21\u2005x\u200529,7 cm \nTome 1 | Collecte de marques-pages &#038; tome 2 | Recueil des pages marqu\u00e9es\nSignopaginophilie  et\/ou paginosignophilie\n\t\t\t\t<\/figcaption><\/figure><figure class='gallery-item'>\n\t\t\t<div class='gallery-icon landscape'>\n\t\t\t\t<a data-elementor-open-lightbox=\"yes\" data-elementor-lightbox-slideshow=\"05e74cc\" data-elementor-lightbox-title=\"Signopaginophilie (tome 1) - 6\" data-elementor-lightbox-description=\"Les marques-pages - 2011-2013 | Recueil de fac-simil\u00e9s : Collection de Marques Pages et de Pages Marqu\u00e9es\nPhotocopies num\u00e9riques noir &amp; blanc \/ Dos carr\u00e9 coll\u00e9 \/ 21\u2005x\u200529,7 cm \nTome 1 | Collecte de marques-pages &amp; tome 2 | Recueil des pages marqu\u00e9es\nSignopaginophilie  et\/ou paginosignophilie\" href='http:\/\/merci-edith.net\/wp-content\/uploads\/2018\/04\/MP6.jpg'><img width=\"560\" height=\"374\" src=\"http:\/\/merci-edith.net\/wp-content\/uploads\/2018\/04\/MP6-1024x683.jpg\" class=\"attachment-large size-large\" alt=\"Les marques-pages - 2011-2013 | Recueil de fac-simil\u00e9s : Collection de Marques Pages et de Pages Marqu\u00e9es Photocopies num\u00e9riques noir &amp; blanc \/ Dos carr\u00e9 coll\u00e9 \/ 21\u2005x\u200529,7 cm Tome 1 | Collecte de marques-pages &amp; tome 2 | Recueil des pages marqu\u00e9es Signopaginophilie et\/ou paginosignophilie\" loading=\"lazy\" aria-describedby=\"gallery-1-205\" srcset=\"http:\/\/merci-edith.net\/wp-content\/uploads\/2018\/04\/MP6-1024x683.jpg 1024w, http:\/\/merci-edith.net\/wp-content\/uploads\/2018\/04\/MP6-300x200.jpg 300w, http:\/\/merci-edith.net\/wp-content\/uploads\/2018\/04\/MP6-768x512.jpg 768w, http:\/\/merci-edith.net\/wp-content\/uploads\/2018\/04\/MP6-880x587.jpg 880w, http:\/\/merci-edith.net\/wp-content\/uploads\/2018\/04\/MP6-220x147.jpg 220w, http:\/\/merci-edith.net\/wp-content\/uploads\/2018\/04\/MP6.jpg 1200w\" sizes=\"(max-width: 560px) 100vw, 560px\" \/><\/a>\n\t\t\t<\/div>\n\t\t\t\t<figcaption class='wp-caption-text gallery-caption' id='gallery-1-205'>\n\t\t\t\tLes marques-pages &#8211; 2011-2013 | Recueil de fac-simil\u00e9s : Collection de Marques Pages et de Pages Marqu\u00e9es\nPhotocopies num\u00e9riques noir &#038; blanc \/ Dos carr\u00e9 coll\u00e9 \/ 21\u2005x\u200529,7 cm \nTome 1 | Collecte de marques-pages &#038; tome 2 | Recueil des pages marqu\u00e9es\nSignopaginophilie  et\/ou paginosignophilie\n\t\t\t\t<\/figcaption><\/figure>\n\t\t<\/div>\n\t\t<\/div>\n\t\t\t\t<\/div>\n\t\t\t\t<\/div>\n\t\t\t\t<div class=\"elementor-element elementor-element-fb33303 elementor-widget elementor-widget-spacer\" data-id=\"fb33303\" data-element_type=\"widget\" data-widget_type=\"spacer.default\">\n\t\t\t\t<div class=\"elementor-widget-container\">\n\t\t\t\t\t<div class=\"elementor-spacer\">\n\t\t\t<div class=\"elementor-spacer-inner\"><\/div>\n\t\t<\/div>\n\t\t\t\t<\/div>\n\t\t\t\t<\/div>\n\t\t\t\t<div class=\"elementor-element elementor-element-0ffac65 elementor-widget elementor-widget-heading\" data-id=\"0ffac65\" data-element_type=\"widget\" data-widget_type=\"heading.default\">\n\t\t\t\t<div class=\"elementor-widget-container\">\n\t\t\t<h6 class=\"elementor-heading-title elementor-size-xxl\">tome II : les pages marqu\u00e9es<\/h6>\t\t<\/div>\n\t\t\t\t<\/div>\n\t\t\t\t<div class=\"elementor-element elementor-element-7fbcc27 elementor-widget elementor-widget-spacer\" data-id=\"7fbcc27\" data-element_type=\"widget\" data-widget_type=\"spacer.default\">\n\t\t\t\t<div class=\"elementor-widget-container\">\n\t\t\t\t\t<div class=\"elementor-spacer\">\n\t\t\t<div class=\"elementor-spacer-inner\"><\/div>\n\t\t<\/div>\n\t\t\t\t<\/div>\n\t\t\t\t<\/div>\n\t\t\t\t<div class=\"elementor-element elementor-element-a1ed21c gallery-spacing-custom elementor-widget elementor-widget-image-gallery\" data-id=\"a1ed21c\" data-element_type=\"widget\" data-widget_type=\"image-gallery.default\">\n\t\t\t\t<div class=\"elementor-widget-container\">\n\t\t\t\t\t<div class=\"elementor-image-gallery\">\n\t\t\t<div id='gallery-2' class='gallery galleryid-402 gallery-columns-2 gallery-size-large'><figure class='gallery-item'>\n\t\t\t<div class='gallery-icon landscape'>\n\t\t\t\t<a data-elementor-open-lightbox=\"yes\" data-elementor-lightbox-slideshow=\"a1ed21c\" data-elementor-lightbox-title=\"Paginosignophilie (tome 2)- 1\" data-elementor-lightbox-description=\"Les marques-pages - 2011-2013 | Recueil de fac-simil\u00e9s : Collection de Marques Pages et de Pages Marqu\u00e9es\nPhotocopies num\u00e9riques noir &amp; blanc \/ Dos carr\u00e9 coll\u00e9 \/ 21\u2005x\u200529,7 cm \nTome 1 | Collecte de marques-pages &amp; tome 2 | Recueil des pages marqu\u00e9es\nSignopaginophilie  et\/ou paginosignophilie\" href='http:\/\/merci-edith.net\/wp-content\/uploads\/2018\/04\/PM1.jpg'><img width=\"560\" height=\"374\" src=\"http:\/\/merci-edith.net\/wp-content\/uploads\/2018\/04\/PM1-1024x683.jpg\" class=\"attachment-large size-large\" alt=\"Les marques-pages - 2011-2013 | Recueil de fac-simil\u00e9s : Collection de Marques Pages et de Pages Marqu\u00e9es Photocopies num\u00e9riques noir &amp; blanc \/ Dos carr\u00e9 coll\u00e9 \/ 21\u2005x\u200529,7 cm Tome 1 | Collecte de marques-pages &amp; tome 2 | Recueil des pages marqu\u00e9es Signopaginophilie et\/ou paginosignophilie\" loading=\"lazy\" aria-describedby=\"gallery-2-212\" srcset=\"http:\/\/merci-edith.net\/wp-content\/uploads\/2018\/04\/PM1-1024x683.jpg 1024w, http:\/\/merci-edith.net\/wp-content\/uploads\/2018\/04\/PM1-300x200.jpg 300w, http:\/\/merci-edith.net\/wp-content\/uploads\/2018\/04\/PM1-768x512.jpg 768w, http:\/\/merci-edith.net\/wp-content\/uploads\/2018\/04\/PM1-880x587.jpg 880w, http:\/\/merci-edith.net\/wp-content\/uploads\/2018\/04\/PM1-220x147.jpg 220w, http:\/\/merci-edith.net\/wp-content\/uploads\/2018\/04\/PM1.jpg 1200w\" sizes=\"(max-width: 560px) 100vw, 560px\" \/><\/a>\n\t\t\t<\/div>\n\t\t\t\t<figcaption class='wp-caption-text gallery-caption' id='gallery-2-212'>\n\t\t\t\tLes marques-pages &#8211; 2011-2013 | Recueil de fac-simil\u00e9s : Collection de Marques Pages et de Pages Marqu\u00e9es\nPhotocopies num\u00e9riques noir &#038; blanc \/ Dos carr\u00e9 coll\u00e9 \/ 21\u2005x\u200529,7 cm \nTome 1 | Collecte de marques-pages &#038; tome 2 | Recueil des pages marqu\u00e9es\nSignopaginophilie  et\/ou paginosignophilie\n\t\t\t\t<\/figcaption><\/figure><figure class='gallery-item'>\n\t\t\t<div class='gallery-icon landscape'>\n\t\t\t\t<a data-elementor-open-lightbox=\"yes\" data-elementor-lightbox-slideshow=\"a1ed21c\" data-elementor-lightbox-title=\"Paginosignophilie (tome 2) - 2\" data-elementor-lightbox-description=\"Les marques-pages - 2011-2013 | Recueil de fac-simil\u00e9s : Collection de Marques Pages et de Pages Marqu\u00e9es\nPhotocopies num\u00e9riques noir &amp; blanc \/ Dos carr\u00e9 coll\u00e9 \/ 21\u2005x\u200529,7 cm \nTome 1 | Collecte de marques-pages &amp; tome 2 | Recueil des pages marqu\u00e9es\nSignopaginophilie  et\/ou paginosignophilie\" href='http:\/\/merci-edith.net\/wp-content\/uploads\/2018\/04\/PM2.jpg'><img width=\"560\" height=\"374\" src=\"http:\/\/merci-edith.net\/wp-content\/uploads\/2018\/04\/PM2-1024x683.jpg\" class=\"attachment-large size-large\" alt=\"Les marques-pages - 2011-2013 | Recueil de fac-simil\u00e9s : Collection de Marques Pages et de Pages Marqu\u00e9es Photocopies num\u00e9riques noir &amp; blanc \/ Dos carr\u00e9 coll\u00e9 \/ 21\u2005x\u200529,7 cm Tome 1 | Collecte de marques-pages &amp; tome 2 | Recueil des pages marqu\u00e9es Signopaginophilie et\/ou paginosignophilie\" loading=\"lazy\" srcset=\"http:\/\/merci-edith.net\/wp-content\/uploads\/2018\/04\/PM2-1024x683.jpg 1024w, http:\/\/merci-edith.net\/wp-content\/uploads\/2018\/04\/PM2-300x200.jpg 300w, http:\/\/merci-edith.net\/wp-content\/uploads\/2018\/04\/PM2-768x512.jpg 768w, http:\/\/merci-edith.net\/wp-content\/uploads\/2018\/04\/PM2-880x587.jpg 880w, http:\/\/merci-edith.net\/wp-content\/uploads\/2018\/04\/PM2-220x147.jpg 220w, http:\/\/merci-edith.net\/wp-content\/uploads\/2018\/04\/PM2.jpg 1200w\" sizes=\"(max-width: 560px) 100vw, 560px\" \/><\/a>\n\t\t\t<\/div><\/figure><figure class='gallery-item'>\n\t\t\t<div class='gallery-icon landscape'>\n\t\t\t\t<a data-elementor-open-lightbox=\"yes\" data-elementor-lightbox-slideshow=\"a1ed21c\" data-elementor-lightbox-title=\"Paginosignophilie (tome 2) - 3\" data-elementor-lightbox-description=\"Les marques-pages - 2011-2013 | Recueil de fac-simil\u00e9s : Collection de Marques Pages et de Pages Marqu\u00e9es\nPhotocopies num\u00e9riques noir &amp; blanc \/ Dos carr\u00e9 coll\u00e9 \/ 21\u2005x\u200529,7 cm \nTome 1 | Collecte de marques-pages &amp; tome 2 | Recueil des pages marqu\u00e9es\nSignopaginophilie  et\/ou paginosignophilie\" href='http:\/\/merci-edith.net\/wp-content\/uploads\/2018\/04\/PM3.jpg'><img width=\"560\" height=\"374\" src=\"http:\/\/merci-edith.net\/wp-content\/uploads\/2018\/04\/PM3-1024x683.jpg\" class=\"attachment-large size-large\" alt=\"Les marques-pages - 2011-2013 | Recueil de fac-simil\u00e9s : Collection de Marques Pages et de Pages Marqu\u00e9es Photocopies num\u00e9riques noir &amp; blanc \/ Dos carr\u00e9 coll\u00e9 \/ 21\u2005x\u200529,7 cm Tome 1 | Collecte de marques-pages &amp; tome 2 | Recueil des pages marqu\u00e9es Signopaginophilie et\/ou paginosignophilie\" loading=\"lazy\" aria-describedby=\"gallery-2-214\" srcset=\"http:\/\/merci-edith.net\/wp-content\/uploads\/2018\/04\/PM3-1024x683.jpg 1024w, http:\/\/merci-edith.net\/wp-content\/uploads\/2018\/04\/PM3-300x200.jpg 300w, http:\/\/merci-edith.net\/wp-content\/uploads\/2018\/04\/PM3-768x512.jpg 768w, http:\/\/merci-edith.net\/wp-content\/uploads\/2018\/04\/PM3-880x587.jpg 880w, http:\/\/merci-edith.net\/wp-content\/uploads\/2018\/04\/PM3-220x147.jpg 220w, http:\/\/merci-edith.net\/wp-content\/uploads\/2018\/04\/PM3.jpg 1200w\" sizes=\"(max-width: 560px) 100vw, 560px\" \/><\/a>\n\t\t\t<\/div>\n\t\t\t\t<figcaption class='wp-caption-text gallery-caption' id='gallery-2-214'>\n\t\t\t\tLes marques-pages &#8211; 2011-2013 | Recueil de fac-simil\u00e9s : Collection de Marques Pages et de Pages Marqu\u00e9es\nPhotocopies num\u00e9riques noir &#038; blanc \/ Dos carr\u00e9 coll\u00e9 \/ 21\u2005x\u200529,7 cm \nTome 1 | Collecte de marques-pages &#038; tome 2 | Recueil des pages marqu\u00e9es\nSignopaginophilie  et\/ou paginosignophilie\n\t\t\t\t<\/figcaption><\/figure><figure class='gallery-item'>\n\t\t\t<div class='gallery-icon landscape'>\n\t\t\t\t<a data-elementor-open-lightbox=\"yes\" data-elementor-lightbox-slideshow=\"a1ed21c\" data-elementor-lightbox-title=\"Paginosignophilie (tome 2)- 4\" data-elementor-lightbox-description=\"Les marques-pages - 2011-2013 | Recueil de fac-simil\u00e9s : Collection de Marques Pages et de Pages Marqu\u00e9es\nPhotocopies num\u00e9riques noir &amp; blanc \/ Dos carr\u00e9 coll\u00e9 \/ 21\u2005x\u200529,7 cm \nTome 1 | Collecte de marques-pages &amp; tome 2 | Recueil des pages marqu\u00e9es\nSignopaginophilie  et\/ou paginosignophilie\" href='http:\/\/merci-edith.net\/wp-content\/uploads\/2018\/04\/PM4.jpg'><img width=\"560\" height=\"374\" src=\"http:\/\/merci-edith.net\/wp-content\/uploads\/2018\/04\/PM4-1024x683.jpg\" class=\"attachment-large size-large\" alt=\"Les marques-pages - 2011-2013 | Recueil de fac-simil\u00e9s : Collection de Marques Pages et de Pages Marqu\u00e9es Photocopies num\u00e9riques noir &amp; blanc \/ Dos carr\u00e9 coll\u00e9 \/ 21\u2005x\u200529,7 cm Tome 1 | Collecte de marques-pages &amp; tome 2 | Recueil des pages marqu\u00e9es Signopaginophilie et\/ou paginosignophilie\" loading=\"lazy\" aria-describedby=\"gallery-2-215\" srcset=\"http:\/\/merci-edith.net\/wp-content\/uploads\/2018\/04\/PM4-1024x683.jpg 1024w, http:\/\/merci-edith.net\/wp-content\/uploads\/2018\/04\/PM4-300x200.jpg 300w, http:\/\/merci-edith.net\/wp-content\/uploads\/2018\/04\/PM4-768x512.jpg 768w, http:\/\/merci-edith.net\/wp-content\/uploads\/2018\/04\/PM4-880x587.jpg 880w, http:\/\/merci-edith.net\/wp-content\/uploads\/2018\/04\/PM4-220x147.jpg 220w, http:\/\/merci-edith.net\/wp-content\/uploads\/2018\/04\/PM4.jpg 1200w\" sizes=\"(max-width: 560px) 100vw, 560px\" \/><\/a>\n\t\t\t<\/div>\n\t\t\t\t<figcaption class='wp-caption-text gallery-caption' id='gallery-2-215'>\n\t\t\t\tLes marques-pages &#8211; 2011-2013 | Recueil de fac-simil\u00e9s : Collection de Marques Pages et de Pages Marqu\u00e9es\nPhotocopies num\u00e9riques noir &#038; blanc \/ Dos carr\u00e9 coll\u00e9 \/ 21\u2005x\u200529,7 cm \nTome 1 | Collecte de marques-pages &#038; tome 2 | Recueil des pages marqu\u00e9es\nSignopaginophilie  et\/ou paginosignophilie\n\t\t\t\t<\/figcaption><\/figure>\n\t\t<\/div>\n\t\t<\/div>\n\t\t\t\t<\/div>\n\t\t\t\t<\/div>\n\t\t\t\t\t\t<\/div>\n\t\t\t\t\t<\/div>\n\t\t<\/div>\n\t\t\t\t\t\t\t\t<\/div>\n\t\t\t\t\t<\/div>\n\t\t<\/section>\n\t\t\t\t\t\t<\/div>\n\t\t\t\t\t\t<\/div>\n\t\t\t\t\t<\/div>\n\t\t","protected":false},"excerpt":{"rendered":"<p>Le lundi, le mardi, et le vendredi une semaine sur deux, de 11h45 \u00e0 14h15 je travaillais \u00e0 la biblioth\u00e8que universitaire pour enregistrer les retours des livres emprunt\u00e9s. J\u2019ai alors collect\u00e9 les marques-pages oubli\u00e9s. Papier d\u00e9chir\u00e9, feuilles de prises de notes, lettres, petits mots, emballage de chocolat, liste de courses. Petit bout d\u2019histoires quotidiennes collect\u00e9es, &hellip; <\/p>\n<p class=\"link-more\"><a href=\"http:\/\/merci-edith.net\/index.php\/2018\/04\/26\/les-marques-pages\/\" class=\"more-link\">Continue reading<span class=\"screen-reader-text\"> \u00ab\u00a0Les marques-pages\u00a0\u00bb<\/span><\/a><\/p>\n","protected":false},"author":1,"featured_media":200,"comment_status":"closed","ping_status":"open","sticky":false,"template":"","format":"standard","meta":[],"categories":[54],"tags":[],"_links":{"self":[{"href":"http:\/\/merci-edith.net\/index.php\/wp-json\/wp\/v2\/posts\/402"}],"collection":[{"href":"http:\/\/merci-edith.net\/index.php\/wp-json\/wp\/v2\/posts"}],"about":[{"href":"http:\/\/merci-edith.net\/index.php\/wp-json\/wp\/v2\/types\/post"}],"author":[{"embeddable":true,"href":"http:\/\/merci-edith.net\/index.php\/wp-json\/wp\/v2\/users\/1"}],"replies":[{"embeddable":true,"href":"http:\/\/merci-edith.net\/index.php\/wp-json\/wp\/v2\/comments?post=402"}],"version-history":[{"count":4,"href":"http:\/\/merci-edith.net\/index.php\/wp-json\/wp\/v2\/posts\/402\/revisions"}],"predecessor-version":[{"id":866,"href":"http:\/\/merci-edith.net\/index.php\/wp-json\/wp\/v2\/posts\/402\/revisions\/866"}],"wp:featuredmedia":[{"embeddable":true,"href":"http:\/\/merci-edith.net\/index.php\/wp-json\/wp\/v2\/media\/200"}],"wp:attachment":[{"href":"http:\/\/merci-edith.net\/index.php\/wp-json\/wp\/v2\/media?parent=402"}],"wp:term":[{"taxonomy":"category","embeddable":true,"href":"http:\/\/merci-edith.net\/index.php\/wp-json\/wp\/v2\/categories?post=402"},{"taxonomy":"post_tag","embeddable":true,"href":"http:\/\/merci-edith.net\/index.php\/wp-json\/wp\/v2\/tags?post=402"}],"curies":[{"name":"wp","href":"https:\/\/api.w.org\/{rel}","templated":true}]}}